{"id":805,"global_id":"crearcompartir.com\/wordpress?id=805","global_id_lineage":["crearcompartir.com\/wordpress?id=805"],"author":"1","status":"publish","date":"2025-02-21 13:46:39","date_utc":"2025-02-21 11:46:39","modified":"2025-02-21 13:47:47","modified_utc":"2025-02-21 11:47:47","url":"https:\/\/crearcompartir.com\/wordpress\/agenda\/versikalia-poesia-musica-i-il%c2%b7lustracions-2\/","rest_url":"https:\/\/crearcompartir.com\/wordpress\/wp-json\/tribe\/events\/v1\/events\/805","title":"VERSIKALIA &#8211; poesia, m\u00fasica i il\u00b7lustracions","description":"<p><b>VERSIKALIA <\/b>es un proyecto creado por el poeta y rapsoda <b>Jos\u00e9 Luis Garc\u00eda Herrera<\/b>, el m\u00fasico <b>Luis Frontado<\/b> y la ilustradora <b>Barbara di Candia<\/b>, todos ellos residentes en Abrera.<\/p>\n<p>El viernes 16 de mayo presentar\u00e1n en <b>ENCUENTRO<\/b> su espect\u00e1culo Vente al Veinte, un recorrido emocional a trav\u00e9s de grandes poemas escritos en el siglo XX.<\/p>\n<p>Con la voz envolvente de Jos\u00e9 Luis Garc\u00eda Herrera, la m\u00fasica evocadora de Luis Frontado y las impactantes ilustraciones de Barbara di Candia, los poemas alcanzan una nueva dimensi\u00f3n, en todos los sentidos.<\/p>\n<p><b>Entrada: 10\u20ac <\/b>en <a href=\"https:\/\/entradium.com\/events\/versikalia-poesia-musica-i-il-lustracions\" target=\"_blank\" rel=\"noopener\">https:\/\/entradium.com\/events\/versikalia-poesia-musica-i-il-lustracions<\/a><b><br \/>\n<\/b><\/p>","excerpt":"","slug":"versikalia-poesia-musica-i-il%c2%b7lustracions-2","image":{"url":"https:\/\/crearcompartir.com\/wordpress\/wp-content\/uploads\/2025\/02\/versikalia_web.jpg","id":806,"extension":"jpg","width":200,"height":283,"filesize":33133,"sizes":{"thumbnail":{"width":150,"height":150,"mime-type":"image\/jpeg","filesize":9809,"url":"https:\/\/crearcompartir.com\/wordpress\/wp-content\/uploads\/2025\/02\/versikalia_web-150x150.jpg"},"vantage-carousel":{"width":200,"height":182,"mime-type":"image\/jpeg","filesize":13882,"url":"https:\/\/crearcompartir.com\/wordpress\/wp-content\/uploads\/2025\/02\/versikalia_web-200x182.jpg"},"vantage-grid-loop":{"width":200,"height":272,"mime-type":"image\/jpeg","filesize":18812,"url":"https:\/\/crearcompartir.com\/wordpress\/wp-content\/uploads\/2025\/02\/versikalia_web-200x272.jpg"},"sow-carousel-default":{"width":200,"height":182,"mime-type":"image\/jpeg","filesize":13882,"url":"https:\/\/crearcompartir.com\/wordpress\/wp-content\/uploads\/2025\/02\/versikalia_web-200x182.jpg"}}},"all_day":false,"start_date":"2025-05-16 20:00:00","start_date_details":{"year":"2025","month":"05","day":"16","hour":"20","minutes":"00","seconds":"00"},"end_date":"2025-05-16 21:30:00","end_date_details":{"year":"2025","month":"05","day":"16","hour":"21","minutes":"30","seconds":"00"},"utc_start_date":"2025-05-16 17:00:00","utc_start_date_details":{"year":"2025","month":"05","day":"16","hour":"17","minutes":"00","seconds":"00"},"utc_end_date":"2025-05-16 18:30:00","utc_end_date_details":{"year":"2025","month":"05","day":"16","hour":"18","minutes":"30","seconds":"00"},"timezone":"UTC+2","timezone_abbr":"UTC+2","cost":"10\u20ac","cost_details":{"currency_symbol":"\u20ac","currency_code":"EUR","currency_position":"suffix","values":["10"]},"website":"","show_map":true,"show_map_link":true,"hide_from_listings":false,"sticky":false,"featured":false,"categories":[],"tags":[],"venue":{"id":61,"author":"1","status":"publish","date":"2023-10-04 17:09:01","date_utc":"2023-10-04 17:09:01","modified":"2023-10-04 17:09:01","modified_utc":"2023-10-04 17:09:01","url":"https:\/\/crearcompartir.com\/wordpress\/recinto\/encuentro\/","venue":"ENCUENTRO","slug":"encuentro","address":"C\/ Casamada, 12","city":"Abrera","country":"Espa\u00f1a","province":"Barcelona","zip":"08630","stateprovince":"Barcelona","json_ld":{"@type":"Place","name":"ENCUENTRO","description":"","url":"","address":{"@type":"PostalAddress","streetAddress":"C\/ Casamada, 12","addressLocality":"Abrera","addressRegion":"Barcelona","postalCode":"08630","addressCountry":"Espa\u00f1a"},"telephone":"","sameAs":""},"show_map":true,"show_map_link":true,"global_id":"crearcompartir.com\/wordpress?id=61","global_id_lineage":["crearcompartir.com\/wordpress?id=61"]},"organizer":[{"id":62,"author":"1","status":"publish","date":"2023-10-04 17:09:01","date_utc":"2023-10-04 17:09:01","modified":"2023-10-04 17:13:58","modified_utc":"2023-10-04 17:13:58","url":"https:\/\/crearcompartir.com\/wordpress\/organizador\/crear-compartir\/","organizer":"Crear Compartir","slug":"crear-compartir","json_ld":{"@type":"Person","name":"Crear Compartir","description":"","url":"","telephone":"","email":"","sameAs":""},"global_id":"crearcompartir.com\/wordpress?id=62","global_id_lineage":["crearcompartir.com\/wordpress?id=62"]}],"custom_fields":[],"json_ld":{"@context":"http:\/\/schema.org","@type":"Event","name":"VERSIKALIA &#8211; poesia, m\u00fasica i il\u00b7lustracions","description":"&lt;p&gt;VERSIKALIA es un proyecto creado por el poeta y rapsoda Jos\u00e9 Luis Garc\u00eda Herrera, el m\u00fasico Luis Frontado y la ilustradora Barbara di Candia, todos ellos residentes en Abrera. El viernes 16 de mayo presentar\u00e1n en ENCUENTRO su espect\u00e1culo Vente al Veinte, un recorrido emocional a trav\u00e9s de grandes poemas escritos en el siglo XX. [&hellip;]&lt;\/p&gt;\\n","image":"https:\/\/crearcompartir.com\/wordpress\/wp-content\/uploads\/2025\/02\/versikalia_web.jpg","url":"https:\/\/crearcompartir.com\/wordpress\/agenda\/versikalia-poesia-musica-i-il%c2%b7lustracions-2\/","eventAttendanceMode":"https:\/\/schema.org\/OfflineEventAttendanceMode","eventStatus":"https:\/\/schema.org\/EventScheduled","startDate":"2025-05-16T20:00:00+02:00","endDate":"2025-05-16T21:30:00+02:00","location":{"@type":"Place","name":"ENCUENTRO","description":"","url":"","address":{"@type":"PostalAddress","streetAddress":"C\/ Casamada, 12","addressLocality":"Abrera","addressRegion":"Barcelona","postalCode":"08630","addressCountry":"Espa\u00f1a"},"telephone":"","sameAs":""},"organizer":{"@type":"Person","name":"Crear Compartir","description":"","url":"","telephone":"","email":"","sameAs":""},"offers":{"@type":"Offer","price":"10","priceCurrency":"EUR","url":"https:\/\/crearcompartir.com\/wordpress\/agenda\/versikalia-poesia-musica-i-il%c2%b7lustracions-2\/","category":"primary","availability":"inStock","validFrom":"1970-01-01T00:00:00+00:00"},"performer":"Organization"}}