{"id":785,"date":"2025-01-21T14:03:11","date_gmt":"2025-01-21T12:03:11","guid":{"rendered":"https:\/\/crearcompartir.com\/wordpress\/?p=785"},"modified":"2025-01-28T11:58:50","modified_gmt":"2025-01-28T09:58:50","slug":"encuentro-acull-la-segona-edicio-de-showcase-laparador-dartistes-emergents","status":"publish","type":"post","link":"https:\/\/crearcompartir.com\/wordpress\/encuentro-acull-la-segona-edicio-de-showcase-laparador-dartistes-emergents\/","title":{"rendered":"ENCUENTRO acull la Segona edici\u00f3 de SHOWCASE: l&#8217;aparador d&#8217;artistes emergents"},"content":{"rendered":"<h4><em>A la primera edici\u00f3 celebrada el 2024 van participar artistes com Matilda Mirana, Eva Fort, de los Jardines o Erin Hyvin<\/em><\/h4>\n<p>Despr\u00e9s de l&#8217;\u00e8xit de la seva primera edici\u00f3,\u00a0<strong>Sonder Produccions<\/strong>\u00a0i l\u2019<strong>Associaci\u00f3 Crear i Compartir\u00a0<\/strong>presenten una segona temporada de\u00a0<strong>SHOWCASE<\/strong>. En aquesta mostra, que tindr\u00e0 lloc al municipi d\u2019Abrera, continuarem sent testimonis dels debuts de noves promeses del m\u00f3n de l&#8217;espectacle.<\/p>\n<p><strong>Qu\u00e8 \u00e9s SHOWCASE?<\/strong><\/p>\n<p><strong>SHOWCASE<\/strong>\u00a0\u00e9s un cicle de concerts on un grapat d\u2019artistes presentaran els seus projectes davant del p\u00fablic per primera vegada. Aquesta iniciativa, engegada el passat 2024, busca crear un espai de trobada, innovaci\u00f3 i descobriment, per a que artistes novells mostrin el seu talent. Apostant per la descentralitzaci\u00f3, es treballa per potenciar un circuit cultural alternatiu amb la meta de multiplicar les plataformes de visibilitzaci\u00f3 de joves promeses. A\u00a0<strong>SHOWCASE<\/strong>, creiem que tothom mereix una primera oportunitat.<\/p>\n<p><strong>Una col\u00b7laboraci\u00f3 per a l\u2019art emergent<\/strong><\/p>\n<p><strong>Sonder Produccions<\/strong>\u00a0i l\u2019<strong>Associaci\u00f3 Crear i Compartir<\/strong>, productores i gestores culturals, tenen la missi\u00f3 de generar aquestes oportunitats, tot acompanyant les artistes en el seu creixement i professionalitzaci\u00f3. Aquesta col\u00b7laboraci\u00f3 busca proporcionar un escenari per a que programadors de Catalunya i productors privats puguin con\u00e8ixer en primera persona aquests joves talents i facilitar el progr\u00e9s dels seus projectes professionals.<\/p>\n<p><strong>Cultura accessible<\/strong><\/p>\n<p>La segona edici\u00f3 de\u00a0<strong>SHOWCASE<\/strong>\u00a0tindr\u00e0 lloc els\u00a0<strong>divendres 7 de febrer<\/strong>,\u00a0<strong>7 de mar\u00e7<\/strong>\u00a0i\u00a0<strong>4 d&#8217;abril<\/strong>\u00a0(19h) a la\u00a0<strong>Sala Encuentro d\u2019Abrera<\/strong>. L\u2019entrada als esdeveniments \u00e9s gratu\u00efta i \u00e9s possible fer reserva per assegurar-se un lloc a trav\u00e9s de les xarxes socials de la\u00a0<strong>Sala Encuentro\u00a0<\/strong>o a trav\u00e9s del seu tel\u00e8fon 640 06 05 20.<\/p>\n<p>Paral\u00b7lelament al suport a les artistes programades, l\u2019accessibilitat dels esdeveniments per part d\u2019una societat diversa i de manera inclusiva \u00e9s un dels valors de l\u2019<strong>Associaci\u00f3 Crear i Compartir<\/strong>, que des de la seva fundaci\u00f3 ha treballat per crear una programaci\u00f3 variada que atrau a una gran diversitat de perfils.<\/p>\n<p><strong>Programaci\u00f3 i dates<\/strong><\/p>\n<p>Com a la seva primera edici\u00f3, el cicle consta de 3 esdeveniments en els que es podr\u00e0 gaudir de 3 artistes en cadascun, de proced\u00e8ncies i estils ben diferents:<\/p>\n<p><strong>Divendres 7 de febrer &#8211; 19h<\/strong><\/p>\n<ul>\n<li>El Ganso (trap catal\u00e0)<\/li>\n<li>Medina (urban fusi\u00f3)<\/li>\n<\/ul>\n<p><strong>Divendres 7 de mar\u00e7 &#8211; 19h<\/strong><\/p>\n<ul>\n<li>Berta Clap\u00e9s (pop rock)<\/li>\n<li>GAFE (rock indie)<\/li>\n<li>Marta Gin (pop)<\/li>\n<\/ul>\n<p><strong>Divendres 4 d\u2019abril &#8211; 19h<\/strong><\/p>\n<ul>\n<li>Laura Roma (pop)<\/li>\n<li>Marc Esteve (pop indie)<\/li>\n<li>N\u00faria Duran (pop)<\/li>\n<\/ul>\n","protected":false},"excerpt":{"rendered":"<p>A la primera edici\u00f3 celebrada el 2024 van participar artistes com Matilda Mirana, Eva Fort, de los Jardines o Erin Hyvin Despr\u00e9s de l&#8217;\u00e8xit de la seva primera edici\u00f3,\u00a0Sonder Produccions\u00a0i l\u2019Associaci\u00f3 Crear i Compartir\u00a0presenten una segona temporada de\u00a0SHOWCASE. En aquesta mostra, que tindr\u00e0 lloc al municipi d\u2019Abrera, continuarem sent testimonis dels debuts de noves promeses [&hellip;]<\/p>\n","protected":false},"author":1,"featured_media":786,"comment_status":"open","ping_status":"open","sticky":false,"template":"","format":"standard","meta":{"_jetpack_memberships_contains_paid_content":false,"footnotes":"","jetpack_publicize_message":"","jetpack_publicize_feature_enabled":true,"jetpack_social_post_already_shared":true,"jetpack_social_options":{"image_generator_settings":{"template":"highway","default_image_id":0,"font":"","enabled":false},"version":2}},"categories":[1],"tags":[],"class_list":["post-785","post","type-post","status-publish","format-standard","has-post-thumbnail","hentry","category-sin-categoria","post-with-thumbnail","post-with-thumbnail-large"],"yoast_head":"<!-- This site is optimized with the Yoast SEO plugin v27.5 - https:\/\/yoast.com\/product\/yoast-seo-wordpress\/ -->\n<title>ENCUENTRO acull la Segona edici\u00f3 de SHOWCASE: l&#039;aparador d&#039;artistes emergents - Crear Compartir<\/title>\n<meta name=\"robots\" content=\"index, follow, max-snippet:-1, max-image-preview:large, max-video-preview:-1\" \/>\n<link rel=\"canonical\" href=\"https:\/\/crearcompartir.com\/wordpress\/encuentro-acull-la-segona-edicio-de-showcase-laparador-dartistes-emergents\/\" \/>\n<meta property=\"og:locale\" content=\"es_ES\" \/>\n<meta property=\"og:type\" content=\"article\" \/>\n<meta property=\"og:title\" content=\"ENCUENTRO acull la Segona edici\u00f3 de SHOWCASE: l&#039;aparador d&#039;artistes emergents - Crear Compartir\" \/>\n<meta property=\"og:description\" content=\"A la primera edici\u00f3 celebrada el 2024 van participar artistes com Matilda Mirana, Eva Fort, de los Jardines o Erin Hyvin Despr\u00e9s de l&#8217;\u00e8xit de la seva primera edici\u00f3,\u00a0Sonder Produccions\u00a0i l\u2019Associaci\u00f3 Crear i Compartir\u00a0presenten una segona temporada de\u00a0SHOWCASE. En aquesta mostra, que tindr\u00e0 lloc al municipi d\u2019Abrera, continuarem sent testimonis dels debuts de noves promeses [&hellip;]\" \/>\n<meta property=\"og:url\" content=\"https:\/\/crearcompartir.com\/wordpress\/encuentro-acull-la-segona-edicio-de-showcase-laparador-dartistes-emergents\/\" \/>\n<meta property=\"og:site_name\" content=\"Crear Compartir\" \/>\n<meta property=\"article:publisher\" content=\"https:\/\/www.facebook.com\/profile.php?id=100093587113765\" \/>\n<meta property=\"article:published_time\" content=\"2025-01-21T12:03:11+00:00\" \/>\n<meta property=\"article:modified_time\" content=\"2025-01-28T09:58:50+00:00\" \/>\n<meta property=\"og:image\" content=\"http:\/\/crearcompartir.com\/wordpress\/wp-content\/uploads\/2025\/01\/showcase2.jpg\" \/>\n\t<meta property=\"og:image:width\" content=\"1000\" \/>\n\t<meta property=\"og:image:height\" content=\"636\" \/>\n\t<meta property=\"og:image:type\" content=\"image\/jpeg\" \/>\n<meta name=\"author\" content=\"crearcompartir\" \/>\n<meta name=\"twitter:card\" content=\"summary_large_image\" \/>\n<meta name=\"twitter:creator\" content=\"@crearcompartir\" \/>\n<meta name=\"twitter:site\" content=\"@crearcompartir\" \/>\n<meta name=\"twitter:label1\" content=\"Escrito por\" \/>\n\t<meta name=\"twitter:data1\" content=\"crearcompartir\" \/>\n\t<meta name=\"twitter:label2\" content=\"Tiempo de lectura\" \/>\n\t<meta name=\"twitter:data2\" content=\"3 minutos\" \/>\n<script type=\"application\/ld+json\" class=\"yoast-schema-graph\">{\"@context\":\"https:\\\/\\\/schema.org\",\"@graph\":[{\"@type\":\"Article\",\"@id\":\"https:\\\/\\\/crearcompartir.com\\\/wordpress\\\/encuentro-acull-la-segona-edicio-de-showcase-laparador-dartistes-emergents\\\/#article\",\"isPartOf\":{\"@id\":\"https:\\\/\\\/crearcompartir.com\\\/wordpress\\\/encuentro-acull-la-segona-edicio-de-showcase-laparador-dartistes-emergents\\\/\"},\"author\":{\"name\":\"crearcompartir\",\"@id\":\"https:\\\/\\\/crearcompartir.com\\\/wordpress\\\/#\\\/schema\\\/person\\\/86fbfdb7c19a7dcc101b1c5411df7ae7\"},\"headline\":\"ENCUENTRO acull la Segona edici\u00f3 de SHOWCASE: l&#8217;aparador d&#8217;artistes emergents\",\"datePublished\":\"2025-01-21T12:03:11+00:00\",\"dateModified\":\"2025-01-28T09:58:50+00:00\",\"mainEntityOfPage\":{\"@id\":\"https:\\\/\\\/crearcompartir.com\\\/wordpress\\\/encuentro-acull-la-segona-edicio-de-showcase-laparador-dartistes-emergents\\\/\"},\"wordCount\":420,\"commentCount\":0,\"publisher\":{\"@id\":\"https:\\\/\\\/crearcompartir.com\\\/wordpress\\\/#organization\"},\"image\":{\"@id\":\"https:\\\/\\\/crearcompartir.com\\\/wordpress\\\/encuentro-acull-la-segona-edicio-de-showcase-laparador-dartistes-emergents\\\/#primaryimage\"},\"thumbnailUrl\":\"https:\\\/\\\/crearcompartir.com\\\/wordpress\\\/wp-content\\\/uploads\\\/2025\\\/01\\\/showcase2.jpg\",\"inLanguage\":\"es\",\"potentialAction\":[{\"@type\":\"CommentAction\",\"name\":\"Comment\",\"target\":[\"https:\\\/\\\/crearcompartir.com\\\/wordpress\\\/encuentro-acull-la-segona-edicio-de-showcase-laparador-dartistes-emergents\\\/#respond\"]}]},{\"@type\":\"WebPage\",\"@id\":\"https:\\\/\\\/crearcompartir.com\\\/wordpress\\\/encuentro-acull-la-segona-edicio-de-showcase-laparador-dartistes-emergents\\\/\",\"url\":\"https:\\\/\\\/crearcompartir.com\\\/wordpress\\\/encuentro-acull-la-segona-edicio-de-showcase-laparador-dartistes-emergents\\\/\",\"name\":\"ENCUENTRO acull la Segona edici\u00f3 de SHOWCASE: l'aparador d'artistes emergents - Crear Compartir\",\"isPartOf\":{\"@id\":\"https:\\\/\\\/crearcompartir.com\\\/wordpress\\\/#website\"},\"primaryImageOfPage\":{\"@id\":\"https:\\\/\\\/crearcompartir.com\\\/wordpress\\\/encuentro-acull-la-segona-edicio-de-showcase-laparador-dartistes-emergents\\\/#primaryimage\"},\"image\":{\"@id\":\"https:\\\/\\\/crearcompartir.com\\\/wordpress\\\/encuentro-acull-la-segona-edicio-de-showcase-laparador-dartistes-emergents\\\/#primaryimage\"},\"thumbnailUrl\":\"https:\\\/\\\/crearcompartir.com\\\/wordpress\\\/wp-content\\\/uploads\\\/2025\\\/01\\\/showcase2.jpg\",\"datePublished\":\"2025-01-21T12:03:11+00:00\",\"dateModified\":\"2025-01-28T09:58:50+00:00\",\"breadcrumb\":{\"@id\":\"https:\\\/\\\/crearcompartir.com\\\/wordpress\\\/encuentro-acull-la-segona-edicio-de-showcase-laparador-dartistes-emergents\\\/#breadcrumb\"},\"inLanguage\":\"es\",\"potentialAction\":[{\"@type\":\"ReadAction\",\"target\":[\"https:\\\/\\\/crearcompartir.com\\\/wordpress\\\/encuentro-acull-la-segona-edicio-de-showcase-laparador-dartistes-emergents\\\/\"]}]},{\"@type\":\"ImageObject\",\"inLanguage\":\"es\",\"@id\":\"https:\\\/\\\/crearcompartir.com\\\/wordpress\\\/encuentro-acull-la-segona-edicio-de-showcase-laparador-dartistes-emergents\\\/#primaryimage\",\"url\":\"https:\\\/\\\/crearcompartir.com\\\/wordpress\\\/wp-content\\\/uploads\\\/2025\\\/01\\\/showcase2.jpg\",\"contentUrl\":\"https:\\\/\\\/crearcompartir.com\\\/wordpress\\\/wp-content\\\/uploads\\\/2025\\\/01\\\/showcase2.jpg\",\"width\":1000,\"height\":636},{\"@type\":\"BreadcrumbList\",\"@id\":\"https:\\\/\\\/crearcompartir.com\\\/wordpress\\\/encuentro-acull-la-segona-edicio-de-showcase-laparador-dartistes-emergents\\\/#breadcrumb\",\"itemListElement\":[{\"@type\":\"ListItem\",\"position\":1,\"name\":\"Portada\",\"item\":\"https:\\\/\\\/crearcompartir.com\\\/wordpress\\\/\"},{\"@type\":\"ListItem\",\"position\":2,\"name\":\"ENCUENTRO acull la Segona edici\u00f3 de SHOWCASE: l&#8217;aparador d&#8217;artistes emergents\"}]},{\"@type\":\"WebSite\",\"@id\":\"https:\\\/\\\/crearcompartir.com\\\/wordpress\\\/#website\",\"url\":\"https:\\\/\\\/crearcompartir.com\\\/wordpress\\\/\",\"name\":\"Crear Compartir\",\"description\":\"Web oficial de la entidad sociocultural Crear Compartir\",\"publisher\":{\"@id\":\"https:\\\/\\\/crearcompartir.com\\\/wordpress\\\/#organization\"},\"potentialAction\":[{\"@type\":\"SearchAction\",\"target\":{\"@type\":\"EntryPoint\",\"urlTemplate\":\"https:\\\/\\\/crearcompartir.com\\\/wordpress\\\/?s={search_term_string}\"},\"query-input\":{\"@type\":\"PropertyValueSpecification\",\"valueRequired\":true,\"valueName\":\"search_term_string\"}}],\"inLanguage\":\"es\"},{\"@type\":\"Organization\",\"@id\":\"https:\\\/\\\/crearcompartir.com\\\/wordpress\\\/#organization\",\"name\":\"Asociaci\u00f3n Crear y Compartir\",\"url\":\"https:\\\/\\\/crearcompartir.com\\\/wordpress\\\/\",\"logo\":{\"@type\":\"ImageObject\",\"inLanguage\":\"es\",\"@id\":\"https:\\\/\\\/crearcompartir.com\\\/wordpress\\\/#\\\/schema\\\/logo\\\/image\\\/\",\"url\":\"https:\\\/\\\/crearcompartir.com\\\/wordpress\\\/wp-content\\\/uploads\\\/2023\\\/10\\\/logo_transparent-e1696433415887.png\",\"contentUrl\":\"https:\\\/\\\/crearcompartir.com\\\/wordpress\\\/wp-content\\\/uploads\\\/2023\\\/10\\\/logo_transparent-e1696433415887.png\",\"width\":199,\"height\":131,\"caption\":\"Asociaci\u00f3n Crear y Compartir\"},\"image\":{\"@id\":\"https:\\\/\\\/crearcompartir.com\\\/wordpress\\\/#\\\/schema\\\/logo\\\/image\\\/\"},\"sameAs\":[\"https:\\\/\\\/www.facebook.com\\\/profile.php?id=100093587113765\",\"https:\\\/\\\/x.com\\\/crearcompartir\",\"https:\\\/\\\/www.instagram.com\\\/crearcompartir\\\/\"]},{\"@type\":\"Person\",\"@id\":\"https:\\\/\\\/crearcompartir.com\\\/wordpress\\\/#\\\/schema\\\/person\\\/86fbfdb7c19a7dcc101b1c5411df7ae7\",\"name\":\"crearcompartir\",\"image\":{\"@type\":\"ImageObject\",\"inLanguage\":\"es\",\"@id\":\"https:\\\/\\\/secure.gravatar.com\\\/avatar\\\/9d0502f264bcf16415933321806f4cd89b7190a2dbdb1a0c0543b1dc7ddf6101?s=96&d=mm&r=g\",\"url\":\"https:\\\/\\\/secure.gravatar.com\\\/avatar\\\/9d0502f264bcf16415933321806f4cd89b7190a2dbdb1a0c0543b1dc7ddf6101?s=96&d=mm&r=g\",\"contentUrl\":\"https:\\\/\\\/secure.gravatar.com\\\/avatar\\\/9d0502f264bcf16415933321806f4cd89b7190a2dbdb1a0c0543b1dc7ddf6101?s=96&d=mm&r=g\",\"caption\":\"crearcompartir\"},\"sameAs\":[\"http:\\\/\\\/crearcompartir.com\\\/wordpress\"],\"url\":\"https:\\\/\\\/crearcompartir.com\\\/wordpress\\\/author\\\/crearcompartir\\\/\"}]}<\/script>\n<!-- \/ Yoast SEO plugin. -->","yoast_head_json":{"title":"ENCUENTRO acull la Segona edici\u00f3 de SHOWCASE: l'aparador d'artistes emergents - Crear Compartir","robots":{"index":"index","follow":"follow","max-snippet":"max-snippet:-1","max-image-preview":"max-image-preview:large","max-video-preview":"max-video-preview:-1"},"canonical":"https:\/\/crearcompartir.com\/wordpress\/encuentro-acull-la-segona-edicio-de-showcase-laparador-dartistes-emergents\/","og_locale":"es_ES","og_type":"article","og_title":"ENCUENTRO acull la Segona edici\u00f3 de SHOWCASE: l'aparador d'artistes emergents - Crear Compartir","og_description":"A la primera edici\u00f3 celebrada el 2024 van participar artistes com Matilda Mirana, Eva Fort, de los Jardines o Erin Hyvin Despr\u00e9s de l&#8217;\u00e8xit de la seva primera edici\u00f3,\u00a0Sonder Produccions\u00a0i l\u2019Associaci\u00f3 Crear i Compartir\u00a0presenten una segona temporada de\u00a0SHOWCASE. En aquesta mostra, que tindr\u00e0 lloc al municipi d\u2019Abrera, continuarem sent testimonis dels debuts de noves promeses [&hellip;]","og_url":"https:\/\/crearcompartir.com\/wordpress\/encuentro-acull-la-segona-edicio-de-showcase-laparador-dartistes-emergents\/","og_site_name":"Crear Compartir","article_publisher":"https:\/\/www.facebook.com\/profile.php?id=100093587113765","article_published_time":"2025-01-21T12:03:11+00:00","article_modified_time":"2025-01-28T09:58:50+00:00","og_image":[{"width":1000,"height":636,"url":"http:\/\/crearcompartir.com\/wordpress\/wp-content\/uploads\/2025\/01\/showcase2.jpg","type":"image\/jpeg"}],"author":"crearcompartir","twitter_card":"summary_large_image","twitter_creator":"@crearcompartir","twitter_site":"@crearcompartir","twitter_misc":{"Escrito por":"crearcompartir","Tiempo de lectura":"3 minutos"},"schema":{"@context":"https:\/\/schema.org","@graph":[{"@type":"Article","@id":"https:\/\/crearcompartir.com\/wordpress\/encuentro-acull-la-segona-edicio-de-showcase-laparador-dartistes-emergents\/#article","isPartOf":{"@id":"https:\/\/crearcompartir.com\/wordpress\/encuentro-acull-la-segona-edicio-de-showcase-laparador-dartistes-emergents\/"},"author":{"name":"crearcompartir","@id":"https:\/\/crearcompartir.com\/wordpress\/#\/schema\/person\/86fbfdb7c19a7dcc101b1c5411df7ae7"},"headline":"ENCUENTRO acull la Segona edici\u00f3 de SHOWCASE: l&#8217;aparador d&#8217;artistes emergents","datePublished":"2025-01-21T12:03:11+00:00","dateModified":"2025-01-28T09:58:50+00:00","mainEntityOfPage":{"@id":"https:\/\/crearcompartir.com\/wordpress\/encuentro-acull-la-segona-edicio-de-showcase-laparador-dartistes-emergents\/"},"wordCount":420,"commentCount":0,"publisher":{"@id":"https:\/\/crearcompartir.com\/wordpress\/#organization"},"image":{"@id":"https:\/\/crearcompartir.com\/wordpress\/encuentro-acull-la-segona-edicio-de-showcase-laparador-dartistes-emergents\/#primaryimage"},"thumbnailUrl":"https:\/\/crearcompartir.com\/wordpress\/wp-content\/uploads\/2025\/01\/showcase2.jpg","inLanguage":"es","potentialAction":[{"@type":"CommentAction","name":"Comment","target":["https:\/\/crearcompartir.com\/wordpress\/encuentro-acull-la-segona-edicio-de-showcase-laparador-dartistes-emergents\/#respond"]}]},{"@type":"WebPage","@id":"https:\/\/crearcompartir.com\/wordpress\/encuentro-acull-la-segona-edicio-de-showcase-laparador-dartistes-emergents\/","url":"https:\/\/crearcompartir.com\/wordpress\/encuentro-acull-la-segona-edicio-de-showcase-laparador-dartistes-emergents\/","name":"ENCUENTRO acull la Segona edici\u00f3 de SHOWCASE: l'aparador d'artistes emergents - Crear Compartir","isPartOf":{"@id":"https:\/\/crearcompartir.com\/wordpress\/#website"},"primaryImageOfPage":{"@id":"https:\/\/crearcompartir.com\/wordpress\/encuentro-acull-la-segona-edicio-de-showcase-laparador-dartistes-emergents\/#primaryimage"},"image":{"@id":"https:\/\/crearcompartir.com\/wordpress\/encuentro-acull-la-segona-edicio-de-showcase-laparador-dartistes-emergents\/#primaryimage"},"thumbnailUrl":"https:\/\/crearcompartir.com\/wordpress\/wp-content\/uploads\/2025\/01\/showcase2.jpg","datePublished":"2025-01-21T12:03:11+00:00","dateModified":"2025-01-28T09:58:50+00:00","breadcrumb":{"@id":"https:\/\/crearcompartir.com\/wordpress\/encuentro-acull-la-segona-edicio-de-showcase-laparador-dartistes-emergents\/#breadcrumb"},"inLanguage":"es","potentialAction":[{"@type":"ReadAction","target":["https:\/\/crearcompartir.com\/wordpress\/encuentro-acull-la-segona-edicio-de-showcase-laparador-dartistes-emergents\/"]}]},{"@type":"ImageObject","inLanguage":"es","@id":"https:\/\/crearcompartir.com\/wordpress\/encuentro-acull-la-segona-edicio-de-showcase-laparador-dartistes-emergents\/#primaryimage","url":"https:\/\/crearcompartir.com\/wordpress\/wp-content\/uploads\/2025\/01\/showcase2.jpg","contentUrl":"https:\/\/crearcompartir.com\/wordpress\/wp-content\/uploads\/2025\/01\/showcase2.jpg","width":1000,"height":636},{"@type":"BreadcrumbList","@id":"https:\/\/crearcompartir.com\/wordpress\/encuentro-acull-la-segona-edicio-de-showcase-laparador-dartistes-emergents\/#breadcrumb","itemListElement":[{"@type":"ListItem","position":1,"name":"Portada","item":"https:\/\/crearcompartir.com\/wordpress\/"},{"@type":"ListItem","position":2,"name":"ENCUENTRO acull la Segona edici\u00f3 de SHOWCASE: l&#8217;aparador d&#8217;artistes emergents"}]},{"@type":"WebSite","@id":"https:\/\/crearcompartir.com\/wordpress\/#website","url":"https:\/\/crearcompartir.com\/wordpress\/","name":"Crear Compartir","description":"Web oficial de la entidad sociocultural Crear Compartir","publisher":{"@id":"https:\/\/crearcompartir.com\/wordpress\/#organization"},"potentialAction":[{"@type":"SearchAction","target":{"@type":"EntryPoint","urlTemplate":"https:\/\/crearcompartir.com\/wordpress\/?s={search_term_string}"},"query-input":{"@type":"PropertyValueSpecification","valueRequired":true,"valueName":"search_term_string"}}],"inLanguage":"es"},{"@type":"Organization","@id":"https:\/\/crearcompartir.com\/wordpress\/#organization","name":"Asociaci\u00f3n Crear y Compartir","url":"https:\/\/crearcompartir.com\/wordpress\/","logo":{"@type":"ImageObject","inLanguage":"es","@id":"https:\/\/crearcompartir.com\/wordpress\/#\/schema\/logo\/image\/","url":"https:\/\/crearcompartir.com\/wordpress\/wp-content\/uploads\/2023\/10\/logo_transparent-e1696433415887.png","contentUrl":"https:\/\/crearcompartir.com\/wordpress\/wp-content\/uploads\/2023\/10\/logo_transparent-e1696433415887.png","width":199,"height":131,"caption":"Asociaci\u00f3n Crear y Compartir"},"image":{"@id":"https:\/\/crearcompartir.com\/wordpress\/#\/schema\/logo\/image\/"},"sameAs":["https:\/\/www.facebook.com\/profile.php?id=100093587113765","https:\/\/x.com\/crearcompartir","https:\/\/www.instagram.com\/crearcompartir\/"]},{"@type":"Person","@id":"https:\/\/crearcompartir.com\/wordpress\/#\/schema\/person\/86fbfdb7c19a7dcc101b1c5411df7ae7","name":"crearcompartir","image":{"@type":"ImageObject","inLanguage":"es","@id":"https:\/\/secure.gravatar.com\/avatar\/9d0502f264bcf16415933321806f4cd89b7190a2dbdb1a0c0543b1dc7ddf6101?s=96&d=mm&r=g","url":"https:\/\/secure.gravatar.com\/avatar\/9d0502f264bcf16415933321806f4cd89b7190a2dbdb1a0c0543b1dc7ddf6101?s=96&d=mm&r=g","contentUrl":"https:\/\/secure.gravatar.com\/avatar\/9d0502f264bcf16415933321806f4cd89b7190a2dbdb1a0c0543b1dc7ddf6101?s=96&d=mm&r=g","caption":"crearcompartir"},"sameAs":["http:\/\/crearcompartir.com\/wordpress"],"url":"https:\/\/crearcompartir.com\/wordpress\/author\/crearcompartir\/"}]}},"jetpack_publicize_connections":[],"jetpack_featured_media_url":"https:\/\/crearcompartir.com\/wordpress\/wp-content\/uploads\/2025\/01\/showcase2.jpg","jetpack_sharing_enabled":true,"_links":{"self":[{"href":"https:\/\/crearcompartir.com\/wordpress\/wp-json\/wp\/v2\/posts\/785","targetHints":{"allow":["GET"]}}],"collection":[{"href":"https:\/\/crearcompartir.com\/wordpress\/wp-json\/wp\/v2\/posts"}],"about":[{"href":"https:\/\/crearcompartir.com\/wordpress\/wp-json\/wp\/v2\/types\/post"}],"author":[{"embeddable":true,"href":"https:\/\/crearcompartir.com\/wordpress\/wp-json\/wp\/v2\/users\/1"}],"replies":[{"embeddable":true,"href":"https:\/\/crearcompartir.com\/wordpress\/wp-json\/wp\/v2\/comments?post=785"}],"version-history":[{"count":2,"href":"https:\/\/crearcompartir.com\/wordpress\/wp-json\/wp\/v2\/posts\/785\/revisions"}],"predecessor-version":[{"id":790,"href":"https:\/\/crearcompartir.com\/wordpress\/wp-json\/wp\/v2\/posts\/785\/revisions\/790"}],"wp:featuredmedia":[{"embeddable":true,"href":"https:\/\/crearcompartir.com\/wordpress\/wp-json\/wp\/v2\/media\/786"}],"wp:attachment":[{"href":"https:\/\/crearcompartir.com\/wordpress\/wp-json\/wp\/v2\/media?parent=785"}],"wp:term":[{"taxonomy":"category","embeddable":true,"href":"https:\/\/crearcompartir.com\/wordpress\/wp-json\/wp\/v2\/categories?post=785"},{"taxonomy":"post_tag","embeddable":true,"href":"https:\/\/crearcompartir.com\/wordpress\/wp-json\/wp\/v2\/tags?post=785"}],"curies":[{"name":"wp","href":"https:\/\/api.w.org\/{rel}","templated":true}]}}