{"id":982,"date":"2026-01-28T13:28:24","date_gmt":"2026-01-28T11:28:24","guid":{"rendered":"https:\/\/crearcompartir.com\/wordpress\/?p=982"},"modified":"2026-01-28T17:52:01","modified_gmt":"2026-01-28T15:52:01","slug":"el-cicle-de-monolegs-los-vermutantes-es-presenta-a-la-sala-encuentro","status":"publish","type":"post","link":"https:\/\/crearcompartir.com\/wordpress\/el-cicle-de-monolegs-los-vermutantes-es-presenta-a-la-sala-encuentro\/","title":{"rendered":"El cicle de mon\u00f2legs Los VERMUTantes es presenta a la Sala ENCUENTRO"},"content":{"rendered":"<p>L&#8217;humorista Edu Mutante torna a la Sala ENCUENTRO d&#8217;Abrera per presentar un nou cicle de mon\u00f2legs els dissabtes al migdia, a l&#8217;hora del vermut.<\/p>\n<p>Sota el t\u00edtol de <strong>Los VERMUTantes<\/strong>, <strong>Edu Mutante<\/strong> estar\u00e0 acompanyat un dissabte de cada mes per un humorista diferent, mostrant el gran nivell de monologuistes que tenim actualment al nostre pa\u00eds.<\/p>\n<p>Les cites seran:<\/p>\n<p>&#8211; <strong>Dissabte 21 de febrer<\/strong> a les <strong>12.30h<\/strong> amb J<strong>avi Ben\u00edtez<\/strong><\/p>\n<p>&#8211; <strong>Dissabte 21 de mar\u00e7<\/strong> a les <strong>12.30h<\/strong> amb <strong>Carlitos<\/strong><\/p>\n<p>&#8211; <strong>Dissabte 18 d&#8217;abril<\/strong> a les <strong>12.30h<\/strong> amb <strong>Guillem Estadella<\/strong><\/p>\n<p><strong>Edu Mutante<\/strong> \u00e9s un reconegut professional de la com\u00e8dia i presentaci\u00f3 d&#8217;esdeveniments amb una \u00e0mplia traject\u00f2ria de 25 anys a nivell nacional. Actualment es troba de gira amb el seu darrer espectacle titulat &#8216;Saludos Cordiales&#8217;, el qual va debutar el maig del 2024 davant de 500 persones al Teatre Poliorama de Barcelona.<\/p>\n<p>A m\u00e9s de la seva faceta com a humorista, Edu tamb\u00e9 t\u00e9 una destacada pres\u00e8ncia a mitjans de comunicaci\u00f3. Se&#8217;l pot escoltar cada tarda a l&#8217;emissora catalana RAC 1 als programes VERSI\u00d3 RAC 1, el qual \u00e9s el m\u00e9s escoltat a la seva franja hor\u00e0ria a Catalunya; i al &#8216;Tu Dir\u00e0s&#8217;. Recentment s&#8217;ha incorporat com a col\u00b7laborador del programa de 2CAt de RTVE &#8216;Cara a Barraca\u2019; i del programa d\u2019Esport3 \u2018Un Dia de Partit\u2019.<\/p>\n<p>Edu ha col\u00b7laborat amb TV3 al programa &#8216;Tot \u00e9s mou&#8217; i des de l&#8217;any 2023 aporta el seu toc d&#8217;humor a la famosa gala anual del diari El Mundo Deportivo, on interactua amb destacats esportistes com Salma Paralluelo, Joaqu\u00edn, Ter Stegen, Lewandowski i Laprovittola, entre d&#8217;altres.<\/p>\n<p>En resum, <strong>Edu Mutante<\/strong> \u00e9s un humorista i presentador molt vers\u00e0til i talent\u00f3s que revoluciona el panorama humor\u00edstic.<\/p>\n<p>Amb un humor xulesc i divertit, <strong>Javi Ben\u00edtez<\/strong>, o Javi \u201cChulo\u201d no volia ser graci\u00f3s, volia ser el xulo lig\u00f3. Tota la seva vida l&#8217;ha passat a Cambrils on va con\u00e8ixer la seva colla d&#8217;amics i on ell creia que era el xulo guaperes del grup, per\u00f2 en realitat era el graciosillo, aquell que totes les noies en diuen &#8216;El simp\u00e1tico&#8217;.<\/p>\n<p>Va debutar als escenaris el setembre de 2009 al TeatreNeu, estant 44 setmanes en cartellera amb &#8216;Los Pinxes de l&#8217;Humor&#8217;. Des de llavors no ha parat de rec\u00f3rrer el pa\u00eds amb els mon\u00f2legs. Actualment, segueix sense ser un llig\u00f3, per\u00f2 ha guanyat en xuleria, per aix\u00f2 segueix fent el que m\u00e9s li agrada, va repartint somriures, ja que el somriure mai no estar\u00e0 en crisi, i si algun dia ho est\u00e0, ja vindr\u00e0 ell a rescatar-lo.<\/p>\n<p><strong>Carlitos<\/strong> mai no va pensar que menjar-se el cap i ser una mica pallasso li seria \u00fatil. Tot i aix\u00ed, componia can\u00e7ons en clau d&#8217;humor com a ter\u00e0pia personal que compartia amb els seus escassos amics. La seva fam\u00edlia l&#8217;animava per la seva encertada decisi\u00f3 amb frases com ara: \u00abper\u00f2, tu ets tonto?\u00bb o el cl\u00e0ssic \u00abquines hores s\u00f3n aquestes d&#8217;aixecar-se?\u00bb<\/p>\n<p>Un dels clients que el va patir als seus timpans va ser Andreu Buenafuente, que davant la sorpresa de tots, el va fitxar per al seu programa Una Altre Cosa (TV3 &#8217;02-&#8217;03) on parodiaven Operaci\u00f3n Triunfo. Despr\u00e9s del seu pas pel programa, va ser convidat a participar a C\u00f2mics de Barra, un espectacle de la productora d&#8217;El Terrat. Carlitos va incorporar mon\u00f2legs al seu xou a manera de presentaci\u00f3 per a les seves sorprenents can\u00e7ons. Va ser llavors quan li van proposar participar a &#8216;Noche Sin Tregua&#8217; de Paramount Comedy, on versionava els cl\u00e0ssics incorporant una nova i divertida lletra.<\/p>\n<p><strong>Carlitos<\/strong> continua, sense treva, col\u00b7laborant amb el programa i recorrent els locals i circuits de les espanyes, sempre amb la seva guitarrilla a sobre.<\/p>\n<p><strong>Guillem Estadella<\/strong> va comen\u00e7ar al m\u00f3n de la comunicaci\u00f3 als 15 anys a R\u00e0dio Cunit, la r\u00e0dio del seu poble. All\u00e0 va descobrir que la seva passi\u00f3 era comunicar i fer riure alhora. Als 17 anys va fer el seu primer mon\u00f2leg i al cap de poc va participar i guanyar l\u2019edici\u00f3 del concurs de mon\u00f2legs, \u2018L\u00edjar Sonr\u00ede\u2019, a Almeria.<\/p>\n<p>Va aterrar al \u2018Fricand\u00f3 Matiner\u2019 de RAC105 al 2016 com a estudiant en pr\u00e0ctiques i no va marxar d\u2019all\u00e0 fins al 2019. Va fer de reporter i seccionista al mantinal que va presentar Vador Llad\u00f3, despr\u00e9s Gerard Romero i Elisenda Carod, i finalment, Ernest Codina.<\/p>\n<p>Actualment, treballa a RAC1 i presenta \u2018Els Teloners de RAC1\u2019, on tamb\u00e9 ha colaborat en diferents programes com el \u2018Versi\u00f3 RAC1\u2019 i \u2018El Bar\u00e7a Juga a RAC1\u2019. Tamb\u00e9 fa un p\u00f2dcast a RAC+1: \u2018Estadella Mixel\u00edn\u2019. Tamb\u00e9 ha col\u00b7laborat al \u2018Matina, Codina!\u2019 de RAC105.<\/p>\n<p>Ha treballat d\u2019animador de p\u00fablic de televisi\u00f3 en programes com \u2018Tab\u00fas\u2019, \u2018Est\u00e0 Passant\u2019, \u2018Ahora Caigo\u2019 i \u2018El Foraster\u2019, on tamb\u00e9 ha estat guionista.<\/p>\n<p>Al 2019 va estrenar el seu primer espectacle, \u2018Estoy Madurando\u2019, al Caf\u00e8-Teatre Llantiol de Barcelona. Al 2020, tot i la pand\u00e8mia, <strong>Estadella<\/strong> estrena \u2018Quin Pollastre!\u2019 a la Sala BARTS Club de Barcelona. Ara mateix, \u2018JARANA\u2019 \u00e9s el seu \u00faltim espectacle estrenat el 2024.<\/p>\n<p>El cicle Los VERMUTantes est\u00e0 organitzat per Diverevent, productora de l&#8217;Anoia que organitza esdeveniments i fa management d\u2019artistes, creaci\u00f3, producci\u00f3.<\/p>\n<p>Les entrades per cada mon\u00f2leg es poden adquirir a 14\u20ac (amb consumici\u00f3 inclosa) a <a href=\"https:\/\/entradium.com\/es\/events\/cicle-monolegs-los-vermutantes-edu-mutante-amb-javi-benitez\" target=\"_blank\" rel=\"noopener\" data-saferedirecturl=\"https:\/\/www.google.com\/url?q=https:\/\/marsonpr.us15.list-manage.com\/track\/click?u%3D7476e2fa35cbefdb4b3afdc8c%26id%3Dc81690db11%26e%3D6ba935f296&amp;source=gmail&amp;ust=1769684198118000&amp;usg=AOvVaw3qAKAwuXrpJg2WeyM7VroW\">entradium.com<\/a>.<\/p>\n<p><strong>Es pot adquirir tamb\u00e9 el BONUS LOS VERMUTANTES per 35\u20ac pels 3 mon\u00f2legs al 640 06 05 20.<\/strong><\/p>\n","protected":false},"excerpt":{"rendered":"<p>L&#8217;humorista Edu Mutante torna a la Sala ENCUENTRO d&#8217;Abrera per presentar un nou cicle de mon\u00f2legs els dissabtes al migdia, a l&#8217;hora del vermut. Sota el t\u00edtol de Los VERMUTantes, Edu Mutante estar\u00e0 acompanyat un dissabte de cada mes per un humorista diferent, mostrant el gran nivell de monologuistes que tenim actualment al nostre pa\u00eds. [&hellip;]<\/p>\n","protected":false},"author":1,"featured_media":983,"comment_status":"open","ping_status":"open","sticky":false,"template":"","format":"standard","meta":{"_jetpack_memberships_contains_paid_content":false,"footnotes":"","jetpack_publicize_message":"","jetpack_publicize_feature_enabled":true,"jetpack_social_post_already_shared":true,"jetpack_social_options":{"image_generator_settings":{"template":"highway","default_image_id":0,"font":"","enabled":false},"version":2}},"categories":[33],"tags":[],"class_list":["post-982","post","type-post","status-publish","format-standard","has-post-thumbnail","hentry","category-monologos","post-with-thumbnail","post-with-thumbnail-large"],"yoast_head":"<!-- This site is optimized with the Yoast SEO plugin v27.5 - https:\/\/yoast.com\/product\/yoast-seo-wordpress\/ -->\n<title>El cicle de mon\u00f2legs Los VERMUTantes es presenta a la Sala ENCUENTRO - Crear Compartir<\/title>\n<meta name=\"robots\" content=\"index, follow, max-snippet:-1, max-image-preview:large, max-video-preview:-1\" \/>\n<link rel=\"canonical\" href=\"https:\/\/crearcompartir.com\/wordpress\/el-cicle-de-monolegs-los-vermutantes-es-presenta-a-la-sala-encuentro\/\" \/>\n<meta property=\"og:locale\" content=\"es_ES\" \/>\n<meta property=\"og:type\" content=\"article\" \/>\n<meta property=\"og:title\" content=\"El cicle de mon\u00f2legs Los VERMUTantes es presenta a la Sala ENCUENTRO - Crear Compartir\" \/>\n<meta property=\"og:description\" content=\"L&#8217;humorista Edu Mutante torna a la Sala ENCUENTRO d&#8217;Abrera per presentar un nou cicle de mon\u00f2legs els dissabtes al migdia, a l&#8217;hora del vermut. Sota el t\u00edtol de Los VERMUTantes, Edu Mutante estar\u00e0 acompanyat un dissabte de cada mes per un humorista diferent, mostrant el gran nivell de monologuistes que tenim actualment al nostre pa\u00eds. [&hellip;]\" \/>\n<meta property=\"og:url\" content=\"https:\/\/crearcompartir.com\/wordpress\/el-cicle-de-monolegs-los-vermutantes-es-presenta-a-la-sala-encuentro\/\" \/>\n<meta property=\"og:site_name\" content=\"Crear Compartir\" \/>\n<meta property=\"article:publisher\" content=\"https:\/\/www.facebook.com\/profile.php?id=100093587113765\" \/>\n<meta property=\"article:published_time\" content=\"2026-01-28T11:28:24+00:00\" \/>\n<meta property=\"article:modified_time\" content=\"2026-01-28T15:52:01+00:00\" \/>\n<meta property=\"og:image\" content=\"http:\/\/crearcompartir.com\/wordpress\/wp-content\/uploads\/2026\/01\/LosVermutantes_noti.jpg\" \/>\n\t<meta property=\"og:image:width\" content=\"436\" \/>\n\t<meta property=\"og:image:height\" content=\"272\" \/>\n\t<meta property=\"og:image:type\" content=\"image\/jpeg\" \/>\n<meta name=\"author\" content=\"crearcompartir\" \/>\n<meta name=\"twitter:card\" content=\"summary_large_image\" \/>\n<meta name=\"twitter:creator\" content=\"@crearcompartir\" \/>\n<meta name=\"twitter:site\" content=\"@crearcompartir\" \/>\n<meta name=\"twitter:label1\" content=\"Escrito por\" \/>\n\t<meta name=\"twitter:data1\" content=\"crearcompartir\" \/>\n\t<meta name=\"twitter:label2\" content=\"Tiempo de lectura\" \/>\n\t<meta name=\"twitter:data2\" content=\"5 minutos\" \/>\n<script type=\"application\/ld+json\" class=\"yoast-schema-graph\">{\"@context\":\"https:\\\/\\\/schema.org\",\"@graph\":[{\"@type\":\"Article\",\"@id\":\"https:\\\/\\\/crearcompartir.com\\\/wordpress\\\/el-cicle-de-monolegs-los-vermutantes-es-presenta-a-la-sala-encuentro\\\/#article\",\"isPartOf\":{\"@id\":\"https:\\\/\\\/crearcompartir.com\\\/wordpress\\\/el-cicle-de-monolegs-los-vermutantes-es-presenta-a-la-sala-encuentro\\\/\"},\"author\":{\"name\":\"crearcompartir\",\"@id\":\"https:\\\/\\\/crearcompartir.com\\\/wordpress\\\/#\\\/schema\\\/person\\\/86fbfdb7c19a7dcc101b1c5411df7ae7\"},\"headline\":\"El cicle de mon\u00f2legs Los VERMUTantes es presenta a la Sala ENCUENTRO\",\"datePublished\":\"2026-01-28T11:28:24+00:00\",\"dateModified\":\"2026-01-28T15:52:01+00:00\",\"mainEntityOfPage\":{\"@id\":\"https:\\\/\\\/crearcompartir.com\\\/wordpress\\\/el-cicle-de-monolegs-los-vermutantes-es-presenta-a-la-sala-encuentro\\\/\"},\"wordCount\":938,\"commentCount\":0,\"publisher\":{\"@id\":\"https:\\\/\\\/crearcompartir.com\\\/wordpress\\\/#organization\"},\"image\":{\"@id\":\"https:\\\/\\\/crearcompartir.com\\\/wordpress\\\/el-cicle-de-monolegs-los-vermutantes-es-presenta-a-la-sala-encuentro\\\/#primaryimage\"},\"thumbnailUrl\":\"https:\\\/\\\/crearcompartir.com\\\/wordpress\\\/wp-content\\\/uploads\\\/2026\\\/01\\\/LosVermutantes_noti.jpg\",\"articleSection\":[\"mon\u00f3logos\"],\"inLanguage\":\"es\",\"potentialAction\":[{\"@type\":\"CommentAction\",\"name\":\"Comment\",\"target\":[\"https:\\\/\\\/crearcompartir.com\\\/wordpress\\\/el-cicle-de-monolegs-los-vermutantes-es-presenta-a-la-sala-encuentro\\\/#respond\"]}]},{\"@type\":\"WebPage\",\"@id\":\"https:\\\/\\\/crearcompartir.com\\\/wordpress\\\/el-cicle-de-monolegs-los-vermutantes-es-presenta-a-la-sala-encuentro\\\/\",\"url\":\"https:\\\/\\\/crearcompartir.com\\\/wordpress\\\/el-cicle-de-monolegs-los-vermutantes-es-presenta-a-la-sala-encuentro\\\/\",\"name\":\"El cicle de mon\u00f2legs Los VERMUTantes es presenta a la Sala ENCUENTRO - Crear Compartir\",\"isPartOf\":{\"@id\":\"https:\\\/\\\/crearcompartir.com\\\/wordpress\\\/#website\"},\"primaryImageOfPage\":{\"@id\":\"https:\\\/\\\/crearcompartir.com\\\/wordpress\\\/el-cicle-de-monolegs-los-vermutantes-es-presenta-a-la-sala-encuentro\\\/#primaryimage\"},\"image\":{\"@id\":\"https:\\\/\\\/crearcompartir.com\\\/wordpress\\\/el-cicle-de-monolegs-los-vermutantes-es-presenta-a-la-sala-encuentro\\\/#primaryimage\"},\"thumbnailUrl\":\"https:\\\/\\\/crearcompartir.com\\\/wordpress\\\/wp-content\\\/uploads\\\/2026\\\/01\\\/LosVermutantes_noti.jpg\",\"datePublished\":\"2026-01-28T11:28:24+00:00\",\"dateModified\":\"2026-01-28T15:52:01+00:00\",\"breadcrumb\":{\"@id\":\"https:\\\/\\\/crearcompartir.com\\\/wordpress\\\/el-cicle-de-monolegs-los-vermutantes-es-presenta-a-la-sala-encuentro\\\/#breadcrumb\"},\"inLanguage\":\"es\",\"potentialAction\":[{\"@type\":\"ReadAction\",\"target\":[\"https:\\\/\\\/crearcompartir.com\\\/wordpress\\\/el-cicle-de-monolegs-los-vermutantes-es-presenta-a-la-sala-encuentro\\\/\"]}]},{\"@type\":\"ImageObject\",\"inLanguage\":\"es\",\"@id\":\"https:\\\/\\\/crearcompartir.com\\\/wordpress\\\/el-cicle-de-monolegs-los-vermutantes-es-presenta-a-la-sala-encuentro\\\/#primaryimage\",\"url\":\"https:\\\/\\\/crearcompartir.com\\\/wordpress\\\/wp-content\\\/uploads\\\/2026\\\/01\\\/LosVermutantes_noti.jpg\",\"contentUrl\":\"https:\\\/\\\/crearcompartir.com\\\/wordpress\\\/wp-content\\\/uploads\\\/2026\\\/01\\\/LosVermutantes_noti.jpg\",\"width\":436,\"height\":272},{\"@type\":\"BreadcrumbList\",\"@id\":\"https:\\\/\\\/crearcompartir.com\\\/wordpress\\\/el-cicle-de-monolegs-los-vermutantes-es-presenta-a-la-sala-encuentro\\\/#breadcrumb\",\"itemListElement\":[{\"@type\":\"ListItem\",\"position\":1,\"name\":\"Portada\",\"item\":\"https:\\\/\\\/crearcompartir.com\\\/wordpress\\\/\"},{\"@type\":\"ListItem\",\"position\":2,\"name\":\"El cicle de mon\u00f2legs Los VERMUTantes es presenta a la Sala ENCUENTRO\"}]},{\"@type\":\"WebSite\",\"@id\":\"https:\\\/\\\/crearcompartir.com\\\/wordpress\\\/#website\",\"url\":\"https:\\\/\\\/crearcompartir.com\\\/wordpress\\\/\",\"name\":\"Crear Compartir\",\"description\":\"Web oficial de la entidad sociocultural Crear Compartir\",\"publisher\":{\"@id\":\"https:\\\/\\\/crearcompartir.com\\\/wordpress\\\/#organization\"},\"potentialAction\":[{\"@type\":\"SearchAction\",\"target\":{\"@type\":\"EntryPoint\",\"urlTemplate\":\"https:\\\/\\\/crearcompartir.com\\\/wordpress\\\/?s={search_term_string}\"},\"query-input\":{\"@type\":\"PropertyValueSpecification\",\"valueRequired\":true,\"valueName\":\"search_term_string\"}}],\"inLanguage\":\"es\"},{\"@type\":\"Organization\",\"@id\":\"https:\\\/\\\/crearcompartir.com\\\/wordpress\\\/#organization\",\"name\":\"Asociaci\u00f3n Crear y Compartir\",\"url\":\"https:\\\/\\\/crearcompartir.com\\\/wordpress\\\/\",\"logo\":{\"@type\":\"ImageObject\",\"inLanguage\":\"es\",\"@id\":\"https:\\\/\\\/crearcompartir.com\\\/wordpress\\\/#\\\/schema\\\/logo\\\/image\\\/\",\"url\":\"https:\\\/\\\/crearcompartir.com\\\/wordpress\\\/wp-content\\\/uploads\\\/2023\\\/10\\\/logo_transparent-e1696433415887.png\",\"contentUrl\":\"https:\\\/\\\/crearcompartir.com\\\/wordpress\\\/wp-content\\\/uploads\\\/2023\\\/10\\\/logo_transparent-e1696433415887.png\",\"width\":199,\"height\":131,\"caption\":\"Asociaci\u00f3n Crear y Compartir\"},\"image\":{\"@id\":\"https:\\\/\\\/crearcompartir.com\\\/wordpress\\\/#\\\/schema\\\/logo\\\/image\\\/\"},\"sameAs\":[\"https:\\\/\\\/www.facebook.com\\\/profile.php?id=100093587113765\",\"https:\\\/\\\/x.com\\\/crearcompartir\",\"https:\\\/\\\/www.instagram.com\\\/crearcompartir\\\/\"]},{\"@type\":\"Person\",\"@id\":\"https:\\\/\\\/crearcompartir.com\\\/wordpress\\\/#\\\/schema\\\/person\\\/86fbfdb7c19a7dcc101b1c5411df7ae7\",\"name\":\"crearcompartir\",\"image\":{\"@type\":\"ImageObject\",\"inLanguage\":\"es\",\"@id\":\"https:\\\/\\\/secure.gravatar.com\\\/avatar\\\/9d0502f264bcf16415933321806f4cd89b7190a2dbdb1a0c0543b1dc7ddf6101?s=96&d=mm&r=g\",\"url\":\"https:\\\/\\\/secure.gravatar.com\\\/avatar\\\/9d0502f264bcf16415933321806f4cd89b7190a2dbdb1a0c0543b1dc7ddf6101?s=96&d=mm&r=g\",\"contentUrl\":\"https:\\\/\\\/secure.gravatar.com\\\/avatar\\\/9d0502f264bcf16415933321806f4cd89b7190a2dbdb1a0c0543b1dc7ddf6101?s=96&d=mm&r=g\",\"caption\":\"crearcompartir\"},\"sameAs\":[\"http:\\\/\\\/crearcompartir.com\\\/wordpress\"],\"url\":\"https:\\\/\\\/crearcompartir.com\\\/wordpress\\\/author\\\/crearcompartir\\\/\"}]}<\/script>\n<!-- \/ Yoast SEO plugin. -->","yoast_head_json":{"title":"El cicle de mon\u00f2legs Los VERMUTantes es presenta a la Sala ENCUENTRO - Crear Compartir","robots":{"index":"index","follow":"follow","max-snippet":"max-snippet:-1","max-image-preview":"max-image-preview:large","max-video-preview":"max-video-preview:-1"},"canonical":"https:\/\/crearcompartir.com\/wordpress\/el-cicle-de-monolegs-los-vermutantes-es-presenta-a-la-sala-encuentro\/","og_locale":"es_ES","og_type":"article","og_title":"El cicle de mon\u00f2legs Los VERMUTantes es presenta a la Sala ENCUENTRO - Crear Compartir","og_description":"L&#8217;humorista Edu Mutante torna a la Sala ENCUENTRO d&#8217;Abrera per presentar un nou cicle de mon\u00f2legs els dissabtes al migdia, a l&#8217;hora del vermut. Sota el t\u00edtol de Los VERMUTantes, Edu Mutante estar\u00e0 acompanyat un dissabte de cada mes per un humorista diferent, mostrant el gran nivell de monologuistes que tenim actualment al nostre pa\u00eds. [&hellip;]","og_url":"https:\/\/crearcompartir.com\/wordpress\/el-cicle-de-monolegs-los-vermutantes-es-presenta-a-la-sala-encuentro\/","og_site_name":"Crear Compartir","article_publisher":"https:\/\/www.facebook.com\/profile.php?id=100093587113765","article_published_time":"2026-01-28T11:28:24+00:00","article_modified_time":"2026-01-28T15:52:01+00:00","og_image":[{"width":436,"height":272,"url":"http:\/\/crearcompartir.com\/wordpress\/wp-content\/uploads\/2026\/01\/LosVermutantes_noti.jpg","type":"image\/jpeg"}],"author":"crearcompartir","twitter_card":"summary_large_image","twitter_creator":"@crearcompartir","twitter_site":"@crearcompartir","twitter_misc":{"Escrito por":"crearcompartir","Tiempo de lectura":"5 minutos"},"schema":{"@context":"https:\/\/schema.org","@graph":[{"@type":"Article","@id":"https:\/\/crearcompartir.com\/wordpress\/el-cicle-de-monolegs-los-vermutantes-es-presenta-a-la-sala-encuentro\/#article","isPartOf":{"@id":"https:\/\/crearcompartir.com\/wordpress\/el-cicle-de-monolegs-los-vermutantes-es-presenta-a-la-sala-encuentro\/"},"author":{"name":"crearcompartir","@id":"https:\/\/crearcompartir.com\/wordpress\/#\/schema\/person\/86fbfdb7c19a7dcc101b1c5411df7ae7"},"headline":"El cicle de mon\u00f2legs Los VERMUTantes es presenta a la Sala ENCUENTRO","datePublished":"2026-01-28T11:28:24+00:00","dateModified":"2026-01-28T15:52:01+00:00","mainEntityOfPage":{"@id":"https:\/\/crearcompartir.com\/wordpress\/el-cicle-de-monolegs-los-vermutantes-es-presenta-a-la-sala-encuentro\/"},"wordCount":938,"commentCount":0,"publisher":{"@id":"https:\/\/crearcompartir.com\/wordpress\/#organization"},"image":{"@id":"https:\/\/crearcompartir.com\/wordpress\/el-cicle-de-monolegs-los-vermutantes-es-presenta-a-la-sala-encuentro\/#primaryimage"},"thumbnailUrl":"https:\/\/crearcompartir.com\/wordpress\/wp-content\/uploads\/2026\/01\/LosVermutantes_noti.jpg","articleSection":["mon\u00f3logos"],"inLanguage":"es","potentialAction":[{"@type":"CommentAction","name":"Comment","target":["https:\/\/crearcompartir.com\/wordpress\/el-cicle-de-monolegs-los-vermutantes-es-presenta-a-la-sala-encuentro\/#respond"]}]},{"@type":"WebPage","@id":"https:\/\/crearcompartir.com\/wordpress\/el-cicle-de-monolegs-los-vermutantes-es-presenta-a-la-sala-encuentro\/","url":"https:\/\/crearcompartir.com\/wordpress\/el-cicle-de-monolegs-los-vermutantes-es-presenta-a-la-sala-encuentro\/","name":"El cicle de mon\u00f2legs Los VERMUTantes es presenta a la Sala ENCUENTRO - Crear Compartir","isPartOf":{"@id":"https:\/\/crearcompartir.com\/wordpress\/#website"},"primaryImageOfPage":{"@id":"https:\/\/crearcompartir.com\/wordpress\/el-cicle-de-monolegs-los-vermutantes-es-presenta-a-la-sala-encuentro\/#primaryimage"},"image":{"@id":"https:\/\/crearcompartir.com\/wordpress\/el-cicle-de-monolegs-los-vermutantes-es-presenta-a-la-sala-encuentro\/#primaryimage"},"thumbnailUrl":"https:\/\/crearcompartir.com\/wordpress\/wp-content\/uploads\/2026\/01\/LosVermutantes_noti.jpg","datePublished":"2026-01-28T11:28:24+00:00","dateModified":"2026-01-28T15:52:01+00:00","breadcrumb":{"@id":"https:\/\/crearcompartir.com\/wordpress\/el-cicle-de-monolegs-los-vermutantes-es-presenta-a-la-sala-encuentro\/#breadcrumb"},"inLanguage":"es","potentialAction":[{"@type":"ReadAction","target":["https:\/\/crearcompartir.com\/wordpress\/el-cicle-de-monolegs-los-vermutantes-es-presenta-a-la-sala-encuentro\/"]}]},{"@type":"ImageObject","inLanguage":"es","@id":"https:\/\/crearcompartir.com\/wordpress\/el-cicle-de-monolegs-los-vermutantes-es-presenta-a-la-sala-encuentro\/#primaryimage","url":"https:\/\/crearcompartir.com\/wordpress\/wp-content\/uploads\/2026\/01\/LosVermutantes_noti.jpg","contentUrl":"https:\/\/crearcompartir.com\/wordpress\/wp-content\/uploads\/2026\/01\/LosVermutantes_noti.jpg","width":436,"height":272},{"@type":"BreadcrumbList","@id":"https:\/\/crearcompartir.com\/wordpress\/el-cicle-de-monolegs-los-vermutantes-es-presenta-a-la-sala-encuentro\/#breadcrumb","itemListElement":[{"@type":"ListItem","position":1,"name":"Portada","item":"https:\/\/crearcompartir.com\/wordpress\/"},{"@type":"ListItem","position":2,"name":"El cicle de mon\u00f2legs Los VERMUTantes es presenta a la Sala ENCUENTRO"}]},{"@type":"WebSite","@id":"https:\/\/crearcompartir.com\/wordpress\/#website","url":"https:\/\/crearcompartir.com\/wordpress\/","name":"Crear Compartir","description":"Web oficial de la entidad sociocultural Crear Compartir","publisher":{"@id":"https:\/\/crearcompartir.com\/wordpress\/#organization"},"potentialAction":[{"@type":"SearchAction","target":{"@type":"EntryPoint","urlTemplate":"https:\/\/crearcompartir.com\/wordpress\/?s={search_term_string}"},"query-input":{"@type":"PropertyValueSpecification","valueRequired":true,"valueName":"search_term_string"}}],"inLanguage":"es"},{"@type":"Organization","@id":"https:\/\/crearcompartir.com\/wordpress\/#organization","name":"Asociaci\u00f3n Crear y Compartir","url":"https:\/\/crearcompartir.com\/wordpress\/","logo":{"@type":"ImageObject","inLanguage":"es","@id":"https:\/\/crearcompartir.com\/wordpress\/#\/schema\/logo\/image\/","url":"https:\/\/crearcompartir.com\/wordpress\/wp-content\/uploads\/2023\/10\/logo_transparent-e1696433415887.png","contentUrl":"https:\/\/crearcompartir.com\/wordpress\/wp-content\/uploads\/2023\/10\/logo_transparent-e1696433415887.png","width":199,"height":131,"caption":"Asociaci\u00f3n Crear y Compartir"},"image":{"@id":"https:\/\/crearcompartir.com\/wordpress\/#\/schema\/logo\/image\/"},"sameAs":["https:\/\/www.facebook.com\/profile.php?id=100093587113765","https:\/\/x.com\/crearcompartir","https:\/\/www.instagram.com\/crearcompartir\/"]},{"@type":"Person","@id":"https:\/\/crearcompartir.com\/wordpress\/#\/schema\/person\/86fbfdb7c19a7dcc101b1c5411df7ae7","name":"crearcompartir","image":{"@type":"ImageObject","inLanguage":"es","@id":"https:\/\/secure.gravatar.com\/avatar\/9d0502f264bcf16415933321806f4cd89b7190a2dbdb1a0c0543b1dc7ddf6101?s=96&d=mm&r=g","url":"https:\/\/secure.gravatar.com\/avatar\/9d0502f264bcf16415933321806f4cd89b7190a2dbdb1a0c0543b1dc7ddf6101?s=96&d=mm&r=g","contentUrl":"https:\/\/secure.gravatar.com\/avatar\/9d0502f264bcf16415933321806f4cd89b7190a2dbdb1a0c0543b1dc7ddf6101?s=96&d=mm&r=g","caption":"crearcompartir"},"sameAs":["http:\/\/crearcompartir.com\/wordpress"],"url":"https:\/\/crearcompartir.com\/wordpress\/author\/crearcompartir\/"}]}},"jetpack_publicize_connections":[],"jetpack_featured_media_url":"https:\/\/crearcompartir.com\/wordpress\/wp-content\/uploads\/2026\/01\/LosVermutantes_noti.jpg","jetpack_sharing_enabled":true,"_links":{"self":[{"href":"https:\/\/crearcompartir.com\/wordpress\/wp-json\/wp\/v2\/posts\/982","targetHints":{"allow":["GET"]}}],"collection":[{"href":"https:\/\/crearcompartir.com\/wordpress\/wp-json\/wp\/v2\/posts"}],"about":[{"href":"https:\/\/crearcompartir.com\/wordpress\/wp-json\/wp\/v2\/types\/post"}],"author":[{"embeddable":true,"href":"https:\/\/crearcompartir.com\/wordpress\/wp-json\/wp\/v2\/users\/1"}],"replies":[{"embeddable":true,"href":"https:\/\/crearcompartir.com\/wordpress\/wp-json\/wp\/v2\/comments?post=982"}],"version-history":[{"count":2,"href":"https:\/\/crearcompartir.com\/wordpress\/wp-json\/wp\/v2\/posts\/982\/revisions"}],"predecessor-version":[{"id":988,"href":"https:\/\/crearcompartir.com\/wordpress\/wp-json\/wp\/v2\/posts\/982\/revisions\/988"}],"wp:featuredmedia":[{"embeddable":true,"href":"https:\/\/crearcompartir.com\/wordpress\/wp-json\/wp\/v2\/media\/983"}],"wp:attachment":[{"href":"https:\/\/crearcompartir.com\/wordpress\/wp-json\/wp\/v2\/media?parent=982"}],"wp:term":[{"taxonomy":"category","embeddable":true,"href":"https:\/\/crearcompartir.com\/wordpress\/wp-json\/wp\/v2\/categories?post=982"},{"taxonomy":"post_tag","embeddable":true,"href":"https:\/\/crearcompartir.com\/wordpress\/wp-json\/wp\/v2\/tags?post=982"}],"curies":[{"name":"wp","href":"https:\/\/api.w.org\/{rel}","templated":true}]}}